{"id":489,"date":"2025-04-16T20:07:54","date_gmt":"2025-04-16T20:07:54","guid":{"rendered":"https:\/\/andreas.memudelight.com\/?post_type=press-release&#038;p=489"},"modified":"2025-04-16T20:07:54","modified_gmt":"2025-04-16T20:07:54","slug":"8","status":"publish","type":"press-release","link":"https:\/\/andreasgraf.com\/en\/press-release\/8\/","title":{"rendered":"8"},"excerpt":{"rendered":"","protected":false},"featured_media":0,"template":"","class_list":["post-489","press-release","type-press-release","status-publish","hentry"],"acpt":{"meta":[{"meta_box":"content","meta_fields":[{"name":"details","type":"Editor","options":[],"value":"<p>Mit wundersch\u00f6nen warmen und sensiblen Kantilenen und blitzsauberer Intonation bezauberte der Cellist Andreas Graf im Konzert f\u00fcr Violoncello und Orchester Nr. 1 in a-moll von Camille Saint-Sa\u00ebns.<\/p>","default":"","required":false,"showInAdmin":false,"advancedOptions":[]},{"name":"source-name","type":"Text","options":[],"value":"Schweizer Musikzeitung","default":"","required":false,"showInAdmin":false,"advancedOptions":[]}]}]},"_links":{"self":[{"href":"https:\/\/andreasgraf.com\/en\/wp-json\/wp\/v2\/press-release\/489","targetHints":{"allow":["GET"]}}],"collection":[{"href":"https:\/\/andreasgraf.com\/en\/wp-json\/wp\/v2\/press-release"}],"about":[{"href":"https:\/\/andreasgraf.com\/en\/wp-json\/wp\/v2\/types\/press-release"}],"wp:attachment":[{"href":"https:\/\/andreasgraf.com\/en\/wp-json\/wp\/v2\/media?parent=489"}],"curies":[{"name":"wp","href":"https:\/\/api.w.org\/{rel}","templated":true}]}}