{"id":487,"date":"2025-04-16T20:06:55","date_gmt":"2025-04-16T20:06:55","guid":{"rendered":"https:\/\/andreas.memudelight.com\/?post_type=press-release&#038;p=487"},"modified":"2025-04-16T20:06:55","modified_gmt":"2025-04-16T20:06:55","slug":"6","status":"publish","type":"press-release","link":"https:\/\/andreasgraf.com\/fr\/press-release\/6\/","title":{"rendered":"6"},"excerpt":{"rendered":"","protected":false},"featured_media":0,"template":"","class_list":["post-487","press-release","type-press-release","status-publish","hentry"],"acpt":{"meta":[{"meta_box":"content","meta_fields":[{"name":"details","type":"Editor","options":[],"value":"<p>Einen zweiten H\u00f6hepunkt steuerte der junge Cellist Andreas Graf bei, der Tschaikowskis Rokoko-Variationen tonsch\u00f6n und nuancenreich spielte, und es nicht an Poesie, an Virtuosit\u00e4t und an Ausstrahlung fehlen liess.<\/p>","default":"","required":false,"showInAdmin":false,"advancedOptions":[]},{"name":"source-name","type":"Text","options":[],"value":"Der Bund","default":"","required":false,"showInAdmin":false,"advancedOptions":[]}]}]},"_links":{"self":[{"href":"https:\/\/andreasgraf.com\/fr\/wp-json\/wp\/v2\/press-release\/487","targetHints":{"allow":["GET"]}}],"collection":[{"href":"https:\/\/andreasgraf.com\/fr\/wp-json\/wp\/v2\/press-release"}],"about":[{"href":"https:\/\/andreasgraf.com\/fr\/wp-json\/wp\/v2\/types\/press-release"}],"wp:attachment":[{"href":"https:\/\/andreasgraf.com\/fr\/wp-json\/wp\/v2\/media?parent=487"}],"curies":[{"name":"wp","href":"https:\/\/api.w.org\/{rel}","templated":true}]}}